{"id":582,"date":"2014-02-25T12:04:46","date_gmt":"2014-02-25T12:04:46","guid":{"rendered":"http:\/\/www.encontrariodasostras.com.br\/noticias\/?p=582"},"modified":"2014-02-25T12:04:46","modified_gmt":"2014-02-25T12:04:46","slug":"bia-bedran-e-thais-macedo-agitam-matines-em-rio-das-ostras","status":"publish","type":"post","link":"https:\/\/www.encontrariodasostras.com.br\/noticias\/bia-bedran-e-thais-macedo-agitam-matines-em-rio-das-ostras\/","title":{"rendered":"Bia Bedran e Thais Macedo agitam matin\u00eas em Rio das Ostras"},"content":{"rendered":"<p>Para relembrar os antigos bailes de m\u00e1scaras, com m\u00fasicas que marcaram v\u00e1rias gera\u00e7\u00f5es, Rio das Ostras vai repetir um dos sucessos do Carnaval do ano passado. As matin\u00eas, que re\u00fanem as fam\u00edlias na tenda instalada na Beira-Rio, tem na programa\u00e7\u00e3o este ano a sambista Thais Macedo e a cantora Bia Bedran, al\u00e9m da Orquestra Tabajara.<\/p>\n<p>As apresenta\u00e7\u00f5es da Orquestra acontecem no s\u00e1bado, 01, e na segunda, 3. Thais Macedo agita o domingo, 2, e a cantora Bia Bedran encerra a festa de Momo na ter\u00e7a, dia 4. Os bailes infantis acontecem todos os dias das 17h \u00e0s 20h, com entrada franca.<\/p>\n<p>\u201cAno passado retornamos com as matin\u00eas e foi um verdadeiro sucesso. Queremos ver novamente as fam\u00edlias inteiras fantasiadas curtindo o Carnaval com seguran\u00e7a e com uma boa programa\u00e7\u00e3o. A pedido da popula\u00e7\u00e3o, a Bia Bedran estar\u00e1 de volta e a nossa querida sambista Thais Macedo est\u00e1 preparando um baile pra todo mundo se divertir, fora a tradi\u00e7\u00e3o da Orquestra Tabajara\u201d, conta Carla Ennes, secret\u00e1ria de Turismo de Rio das Ostras.<\/p>\n<p>Este ano, artistas da Funda\u00e7\u00e3o Rio das Ostras de Cultura v\u00e3o interpretar o tema \u201cA Folia entra em Campo\u201d, com fantasias e roupas que retratam o futebol. A proposta \u00e9 fazer uma homenagem aos times do Estado, da cidade, como o Rio das Ostras Futebol Clube, e \u00e0 Sele\u00e7\u00e3o Brasileira. Atores vestidos de jogadores de futebol receber\u00e3o as crian\u00e7as fazendo embaixadinhas, e passos como num jogo de futebol.<\/p>\n<p>\u201cPara n\u00f3s da Funda\u00e7\u00e3o de Cultura \u00e9 importante colaborar para levar o l\u00fadico \u00e0s matin\u00eas. Vamos permanecer com as performances circenses, mas tamb\u00e9m voltaremos para o tema escolhido para 2014, que retrata os jogos mundiais\u201d, disse Cosme dos Santos, presidente da Funda\u00e7\u00e3o Rio das Ostras de Cultura.<\/p>\n<p><strong>PULSEIRAS DE IDENTIFICA\u00c7\u00c3O<\/strong> \u2013 Durante os dias de folia, artistas da Funda\u00e7\u00e3o de Cultura, em parceria com a Secretaria de Turismo, v\u00e3o colaborar na distribui\u00e7\u00e3o das pulseiras de identifica\u00e7\u00e3o para crian\u00e7as. A a\u00e7\u00e3o tem o objetivo de facilitar a identifica\u00e7\u00e3o de crian\u00e7as, contribuindo para reencontrar pais e respons\u00e1veis, em caso de poss\u00edveis desencontros, por meio das informa\u00e7\u00f5es preenchidas nas pulseiras.<\/p>\n<p><strong>BAILES NOTURNOS<\/strong> \u2013 Al\u00e9m das matin\u00eas, todos os dias acontecer\u00e3o bailes noturnos tamb\u00e9m na tenda na Beira-Rio. Entre os dias 1\u00ba e 4 de mar\u00e7o, a Orquestra Tabajara v\u00e3o animar os foli\u00f5es. Antigas marchinhas de Carnaval estar\u00e3o no repert\u00f3rio do grupo que se apresentar\u00e1 sempre a partir das 23h.<\/p>\n<p><strong>BAILE DA MELHOR IDADE<\/strong> \u2013 Quem abre a programa\u00e7\u00e3o do Carnaval de Rio das Ostras \u00e9 o Baile da Melhor Idade, que acontecer\u00e1 a partir das 18h, sexta-feira, dia 28 de fevereiro. Em conjunto com a Secretaria de Bem-Estar Social e os projetos da Secretaria de esporte e Lazer, a festa busca oferecer um espa\u00e7o para o p\u00fablico idoso para que curtam as festas com muita alegria.<\/p>\n","protected":false},"excerpt":{"rendered":"<p>Para relembrar os antigos bailes de m\u00e1scaras, com m\u00fasicas que marcaram v\u00e1rias gera\u00e7\u00f5es, Rio das Ostras vai repetir um dos sucessos do Carnaval do ano passado. As matin\u00eas, que re\u00fanem as fam\u00edlias na tenda instalada na Beira-Rio, tem na programa\u00e7\u00e3o este ano a sambista Thais Macedo e a cantora Bia Bedran, al\u00e9m da Orquestra Tabajara. [&hellip;]<\/p>\n","protected":false},"author":1,"featured_media":0,"comment_status":"open","ping_status":"open","sticky":false,"template":"","format":"standard","meta":{"footnotes":""},"categories":[6],"tags":[],"_links":{"self":[{"href":"https:\/\/www.encontrariodasostras.com.br\/noticias\/wp-json\/wp\/v2\/posts\/582"}],"collection":[{"href":"https:\/\/www.encontrariodasostras.com.br\/noticias\/wp-json\/wp\/v2\/posts"}],"about":[{"href":"https:\/\/www.encontrariodasostras.com.br\/noticias\/wp-json\/wp\/v2\/types\/post"}],"author":[{"embeddable":true,"href":"https:\/\/www.encontrariodasostras.com.br\/noticias\/wp-json\/wp\/v2\/users\/1"}],"replies":[{"embeddable":true,"href":"https:\/\/www.encontrariodasostras.com.br\/noticias\/wp-json\/wp\/v2\/comments?post=582"}],"version-history":[{"count":1,"href":"https:\/\/www.encontrariodasostras.com.br\/noticias\/wp-json\/wp\/v2\/posts\/582\/revisions"}],"predecessor-version":[{"id":583,"href":"https:\/\/www.encontrariodasostras.com.br\/noticias\/wp-json\/wp\/v2\/posts\/582\/revisions\/583"}],"wp:attachment":[{"href":"https:\/\/www.encontrariodasostras.com.br\/noticias\/wp-json\/wp\/v2\/media?parent=582"}],"wp:term":[{"taxonomy":"category","embeddable":true,"href":"https:\/\/www.encontrariodasostras.com.br\/noticias\/wp-json\/wp\/v2\/categories?post=582"},{"taxonomy":"post_tag","embeddable":true,"href":"https:\/\/www.encontrariodasostras.com.br\/noticias\/wp-json\/wp\/v2\/tags?post=582"}],"curies":[{"name":"wp","href":"https:\/\/api.w.org\/{rel}","templated":true}]}}