{"id":579,"date":"2014-02-10T13:59:51","date_gmt":"2014-02-10T13:59:51","guid":{"rendered":"http:\/\/www.encontrariodasostras.com.br\/noticias\/?p=579"},"modified":"2014-02-10T13:59:51","modified_gmt":"2014-02-10T13:59:51","slug":"musica-em-rio-das-ostras-soul-da-casa-tem-blues-com-um-toque-nordestino","status":"publish","type":"post","link":"https:\/\/www.encontrariodasostras.com.br\/noticias\/musica-em-rio-das-ostras-soul-da-casa-tem-blues-com-um-toque-nordestino\/","title":{"rendered":"M\u00fasica em Rio das Ostras: Soul da Casa tem Blues com um toque nordestino"},"content":{"rendered":"<p>\u201cUma dose de Blues\u201d \u00e9 o nome do pr\u00f3ximo show do Soul da Casa, em Rio das Ostras. Misturar m\u00fasica nordestina e blues \u00e9 a proposta da cantora Beatriz Deparlie que sobe ao palco do Teatro Popular do Munic\u00edpio na pr\u00f3xima quinta-feira, dia 13, para mostrar suas referencias musicais que re\u00fane a musicalidade, por exemplo, de Aretha Franklin, Amy Winehouse e Stevie Wonder. O show, com arranjos e performances ousados, est\u00e1 previsto para as 20h30 com ingressos a R$ 20, inteira, e R$ 10, meia.<\/p>\n<p>Beatriz \u00e9 uma artista influenciada pelo tradicional festival de Jazz e Blues de Rio das Ostras e prepara uma apresenta\u00e7\u00e3o bem diferente do que j\u00e1 se ouviu. \u201cSer\u00e1 algo muito pr\u00f3prio, singular. Misturar sonoridades t\u00e3o diferentes \u00e9 o meu jeito de mostrar a brasilidade que existe em mim. O m\u00fasico deve captar a musicalidade de diversos estilos e junt\u00e1-los para, assim, construir seu espet\u00e1culo\u201d, conta.<\/p>\n<p><strong>BEATRIZ DEPARLIE<\/strong> &#8211; Deparlie, como tamb\u00e9m \u00e9 conhecida na Regi\u00e3o, lan\u00e7ou sua primeira banda de blues em 2009, chamada \u201cDestilado\u201d, e o projeto \u201cDose de Blues\u201d, com o objetivo de disseminar o g\u00eanero na Cidade. J\u00e1 foi l\u00edder de bandas como \u201cN\u00f3s do Blues\u201d e \u201cBluestiquim\u201d, sempre voltado para o rock, blues, jazz e soul. Beatriz comp\u00f5e em portugu\u00eas, franc\u00eas e ingl\u00eas.<\/p>\n<p>Um dos eventos que mais marcou a trajet\u00f3ria da cantora foi sua apresenta\u00e7\u00e3o do Rio das Ostras Jazz &amp; Blues Festival, no palco da Casa do Jazz. M\u00fasicos solos e bandas alternativas mostram para o p\u00fablico que a regi\u00e3o tem artistas que inovam e sabem fazer m\u00fasica de qualidade.<\/p>\n<p>\u201cFiquei honrada com o convite de abrir a programa\u00e7\u00e3o do Festival no palco da Casa do Jazz. O estilo \u00e9 o que sei fazer de melhor. Via o p\u00fablico vibrando e participando do show e isso realmente n\u00e3o teve pre\u00e7o para mim. Foi uma realiza\u00e7\u00e3o profissional e pessoal incr\u00edvel\u201d, conta Beatriz.<\/p>\n<p><strong>SOUL DA CASA<\/strong> &#8211; O objetivo do Soul da Casa, promovido pela Funda\u00e7\u00e3o Rio das Ostras de Cultura, \u00e9 abrir as portas do Teatro Popular do Munic\u00edpio para dar oportunidade aos talentos locais que desejam se lan\u00e7ar no cen\u00e1rio art\u00edstico da Regi\u00e3o por meio da m\u00fasica. A arrecada\u00e7\u00e3o dos ingressos \u00e9 destinada aos cantores que tamb\u00e9m contratam bandas para a apresenta\u00e7\u00e3o.<\/p>\n","protected":false},"excerpt":{"rendered":"<p>\u201cUma dose de Blues\u201d \u00e9 o nome do pr\u00f3ximo show do Soul da Casa, em Rio das Ostras. Misturar m\u00fasica nordestina e blues \u00e9 a proposta da cantora Beatriz Deparlie que sobe ao palco do Teatro Popular do Munic\u00edpio na pr\u00f3xima quinta-feira, dia 13, para mostrar suas referencias musicais que re\u00fane a musicalidade, por exemplo, [&hellip;]<\/p>\n","protected":false},"author":1,"featured_media":0,"comment_status":"open","ping_status":"open","sticky":false,"template":"","format":"standard","meta":{"footnotes":""},"categories":[6],"tags":[],"_links":{"self":[{"href":"https:\/\/www.encontrariodasostras.com.br\/noticias\/wp-json\/wp\/v2\/posts\/579"}],"collection":[{"href":"https:\/\/www.encontrariodasostras.com.br\/noticias\/wp-json\/wp\/v2\/posts"}],"about":[{"href":"https:\/\/www.encontrariodasostras.com.br\/noticias\/wp-json\/wp\/v2\/types\/post"}],"author":[{"embeddable":true,"href":"https:\/\/www.encontrariodasostras.com.br\/noticias\/wp-json\/wp\/v2\/users\/1"}],"replies":[{"embeddable":true,"href":"https:\/\/www.encontrariodasostras.com.br\/noticias\/wp-json\/wp\/v2\/comments?post=579"}],"version-history":[{"count":1,"href":"https:\/\/www.encontrariodasostras.com.br\/noticias\/wp-json\/wp\/v2\/posts\/579\/revisions"}],"predecessor-version":[{"id":580,"href":"https:\/\/www.encontrariodasostras.com.br\/noticias\/wp-json\/wp\/v2\/posts\/579\/revisions\/580"}],"wp:attachment":[{"href":"https:\/\/www.encontrariodasostras.com.br\/noticias\/wp-json\/wp\/v2\/media?parent=579"}],"wp:term":[{"taxonomy":"category","embeddable":true,"href":"https:\/\/www.encontrariodasostras.com.br\/noticias\/wp-json\/wp\/v2\/categories?post=579"},{"taxonomy":"post_tag","embeddable":true,"href":"https:\/\/www.encontrariodasostras.com.br\/noticias\/wp-json\/wp\/v2\/tags?post=579"}],"curies":[{"name":"wp","href":"https:\/\/api.w.org\/{rel}","templated":true}]}}