{"id":573,"date":"2014-02-04T13:34:00","date_gmt":"2014-02-04T13:34:00","guid":{"rendered":"http:\/\/www.encontrariodasostras.com.br\/noticias\/?p=573"},"modified":"2014-02-04T13:34:00","modified_gmt":"2014-02-04T13:34:00","slug":"prefeitura-oferece-novo-prazo-para-pre-matriculas-em-rio-das-ostras","status":"publish","type":"post","link":"https:\/\/www.encontrariodasostras.com.br\/noticias\/prefeitura-oferece-novo-prazo-para-pre-matriculas-em-rio-das-ostras\/","title":{"rendered":"Prefeitura oferece novo prazo para pr\u00e9-matr\u00edculas em Rio das Ostras"},"content":{"rendered":"<p>A pr\u00e9-matr\u00edcula on line na Rede Municipal de Ensino de Rio das Ostras, realizada entre os dias 15 e 24 de janeiro, foi um sucesso. Dos computadores com acesso \u00e0 internet localizados nas pr\u00f3prias casas ou de um dos polos de atendimento, foi poss\u00edvel fazer o cadastro. Em seguida, o aluno ou respons\u00e1vel imprimia um protocolo que deveria levar, no prazo de tr\u00eas dias \u00fateis, at\u00e9 a escola para efetuar a matr\u00edcula. Quem n\u00e3o p\u00f4de fazer a pr\u00e9-matr\u00edcula, tem um segundo prazo, que segue at\u00e9 o dia 7 de fevereiro. Dessa vez, no entanto, ser\u00e1 necess\u00e1rio comparecer a um dos polos.<\/p>\n<p>Segundo a Secretaria de Educa\u00e7\u00e3o, o cadastro on line funcionou muito bem, dando maior agilidade e transpar\u00eancia ao processo de matr\u00edculas. \u201cOs alunos ou respons\u00e1veis podiam fazer a inscri\u00e7\u00e3o, em seguida consultar o pr\u00f3prio cadastro e emitir o protocolo a ser encaminhado \u00e0 escola. Antes era preciso aguardar um m\u00eas para saber em qual unidade de ensino o aluno estudaria. Sem falar que ainda era garantido o acesso ao relat\u00f3rio di\u00e1rio do andamento das pr\u00e9-matr\u00edculas que ficava dispon\u00edvel no site\u201d, explica a coordenadora t\u00e9cnico pedag\u00f3gica Lilia Rodrigues.<\/p>\n<p>Na primeira etapa de pr\u00e9-matr\u00edcula, foram cadastrados cerca de 3 mil novos alunos. A expectativa \u00e9 que, ao longo do ano, a cidade receba ainda mais estudantes. O in\u00edcio das aulas do ano letivo de 2014 est\u00e1 previsto para 10 de fevereiro.<\/p>\n<p><strong>POLOS DE ATENDIMENTO<\/strong> \u2013 Quem deseja fazer a pr\u00e9-matr\u00edcula deve comparecer a um dos polos de atendimentos, entre 9h e 12h e 13h e 16h, localizados nas escolas municipais Maria Teixeira de Paula, no Jardim Campomar; Padre Jos\u00e9 D\u00edlson D\u00f3rea, no \u00c2ncora; Professora Am\u00e9rica Abdalla, em Nova Esperan\u00e7a; Marinete Coelho de Souza, em Cantagalo; Henrique Sarzedas, em Rocha Le\u00e3o, e no Instituto Municipal de Educa\u00e7\u00e3o de Rio das Ostras (Imero), em Nova Cidade.<\/p>\n","protected":false},"excerpt":{"rendered":"<p>A pr\u00e9-matr\u00edcula on line na Rede Municipal de Ensino de Rio das Ostras, realizada entre os dias 15 e 24 de janeiro, foi um sucesso. Dos computadores com acesso \u00e0 internet localizados nas pr\u00f3prias casas ou de um dos polos de atendimento, foi poss\u00edvel fazer o cadastro. Em seguida, o aluno ou respons\u00e1vel imprimia um [&hellip;]<\/p>\n","protected":false},"author":1,"featured_media":0,"comment_status":"open","ping_status":"open","sticky":false,"template":"","format":"standard","meta":{"footnotes":""},"categories":[6],"tags":[],"_links":{"self":[{"href":"https:\/\/www.encontrariodasostras.com.br\/noticias\/wp-json\/wp\/v2\/posts\/573"}],"collection":[{"href":"https:\/\/www.encontrariodasostras.com.br\/noticias\/wp-json\/wp\/v2\/posts"}],"about":[{"href":"https:\/\/www.encontrariodasostras.com.br\/noticias\/wp-json\/wp\/v2\/types\/post"}],"author":[{"embeddable":true,"href":"https:\/\/www.encontrariodasostras.com.br\/noticias\/wp-json\/wp\/v2\/users\/1"}],"replies":[{"embeddable":true,"href":"https:\/\/www.encontrariodasostras.com.br\/noticias\/wp-json\/wp\/v2\/comments?post=573"}],"version-history":[{"count":2,"href":"https:\/\/www.encontrariodasostras.com.br\/noticias\/wp-json\/wp\/v2\/posts\/573\/revisions"}],"predecessor-version":[{"id":575,"href":"https:\/\/www.encontrariodasostras.com.br\/noticias\/wp-json\/wp\/v2\/posts\/573\/revisions\/575"}],"wp:attachment":[{"href":"https:\/\/www.encontrariodasostras.com.br\/noticias\/wp-json\/wp\/v2\/media?parent=573"}],"wp:term":[{"taxonomy":"category","embeddable":true,"href":"https:\/\/www.encontrariodasostras.com.br\/noticias\/wp-json\/wp\/v2\/categories?post=573"},{"taxonomy":"post_tag","embeddable":true,"href":"https:\/\/www.encontrariodasostras.com.br\/noticias\/wp-json\/wp\/v2\/tags?post=573"}],"curies":[{"name":"wp","href":"https:\/\/api.w.org\/{rel}","templated":true}]}}