{"id":568,"date":"2014-01-22T01:43:26","date_gmt":"2014-01-22T01:43:26","guid":{"rendered":"http:\/\/www.encontrariodasostras.com.br\/noticias\/?p=568"},"modified":"2014-01-23T12:43:53","modified_gmt":"2014-01-23T12:43:53","slug":"micha-devellard-faz-tributo-a-raul-seixas-em-rio-das-ostras","status":"publish","type":"post","link":"https:\/\/www.encontrariodasostras.com.br\/noticias\/micha-devellard-faz-tributo-a-raul-seixas-em-rio-das-ostras\/","title":{"rendered":"Micha Devellard faz tributo a Raul Seixas em Rio das Ostras"},"content":{"rendered":"<p>A cantora Micha Devellard sobe ao palco do Teatro Popular de Rio das Ostras, no interior do estado do Rio, nesta quinta (23), para homenagear Raul Seixas, a quem que \u00e9 chamado por muitos de \u201cPai do Rock Brasileiro\u201d. A apresenta\u00e7\u00e3o da artista abre a nova temporada do projeto &#8220;Soul da Casa&#8221;, da Funda\u00e7\u00e3o de Cultura. O tributo ao roqueiro relembra grandes sucessos das d\u00e9cadas de 70 e 80. O show est\u00e1 previsto para as 20h30, com ingressos a R$ 20, inteira e R$ 10 a meia.<\/p>\n<p>No repert\u00f3rio est\u00e3o can\u00e7\u00f5es como \u201cMaluco Beleza\u201d, \u201cMetamorfose Ambulante\u201d, \u201cMosca na Sopa\u201d e \u201cGita\u201d. Micha j\u00e1 participou do Soul da Casa com tributo \u00e0 Banda Bar\u00e3o Vermelho. Ela contar\u00e1 com quatro m\u00fasicos que v\u00e3o fazer arranjos para as m\u00fasicas de Raul.<\/p>\n<p>Segundo Micha Devellard, selecionar as m\u00fasicas do repert\u00f3rio foi o mais complicado, mas se sente honrada com o convite. \u201cCantar Raul \u00e9 uma tarefa de muita responsabilidade, pois s\u00e3o muitas m\u00fasicas de sucesso. Ele marcou duas d\u00e9cadas do rock nacional e revolucionou as ideias na \u00e9poca da ditadura. Agora, ser convidada para retornar no Soul da Casa \u00e9 uma alegria muito grande\u201d, conta.<\/p>\n","protected":false},"excerpt":{"rendered":"<p>A cantora Micha Devellard sobe ao palco do Teatro Popular de Rio das Ostras, no interior do estado do Rio, nesta quinta (23), para homenagear Raul Seixas, a quem que \u00e9 chamado por muitos de \u201cPai do Rock Brasileiro\u201d. A apresenta\u00e7\u00e3o da artista abre a nova temporada do projeto &#8220;Soul da Casa&#8221;, da Funda\u00e7\u00e3o de [&hellip;]<\/p>\n","protected":false},"author":1,"featured_media":0,"comment_status":"open","ping_status":"open","sticky":false,"template":"","format":"standard","meta":{"footnotes":""},"categories":[6],"tags":[],"_links":{"self":[{"href":"https:\/\/www.encontrariodasostras.com.br\/noticias\/wp-json\/wp\/v2\/posts\/568"}],"collection":[{"href":"https:\/\/www.encontrariodasostras.com.br\/noticias\/wp-json\/wp\/v2\/posts"}],"about":[{"href":"https:\/\/www.encontrariodasostras.com.br\/noticias\/wp-json\/wp\/v2\/types\/post"}],"author":[{"embeddable":true,"href":"https:\/\/www.encontrariodasostras.com.br\/noticias\/wp-json\/wp\/v2\/users\/1"}],"replies":[{"embeddable":true,"href":"https:\/\/www.encontrariodasostras.com.br\/noticias\/wp-json\/wp\/v2\/comments?post=568"}],"version-history":[{"count":1,"href":"https:\/\/www.encontrariodasostras.com.br\/noticias\/wp-json\/wp\/v2\/posts\/568\/revisions"}],"predecessor-version":[{"id":569,"href":"https:\/\/www.encontrariodasostras.com.br\/noticias\/wp-json\/wp\/v2\/posts\/568\/revisions\/569"}],"wp:attachment":[{"href":"https:\/\/www.encontrariodasostras.com.br\/noticias\/wp-json\/wp\/v2\/media?parent=568"}],"wp:term":[{"taxonomy":"category","embeddable":true,"href":"https:\/\/www.encontrariodasostras.com.br\/noticias\/wp-json\/wp\/v2\/categories?post=568"},{"taxonomy":"post_tag","embeddable":true,"href":"https:\/\/www.encontrariodasostras.com.br\/noticias\/wp-json\/wp\/v2\/tags?post=568"}],"curies":[{"name":"wp","href":"https:\/\/api.w.org\/{rel}","templated":true}]}}