{"id":566,"date":"2014-01-16T12:21:22","date_gmt":"2014-01-16T12:21:22","guid":{"rendered":"http:\/\/www.encontrariodasostras.com.br\/noticias\/?p=566"},"modified":"2014-01-16T12:21:22","modified_gmt":"2014-01-16T12:21:22","slug":"rio-das-ostras-abre-calendario-nacional-de-caminhadas","status":"publish","type":"post","link":"https:\/\/www.encontrariodasostras.com.br\/noticias\/rio-das-ostras-abre-calendario-nacional-de-caminhadas\/","title":{"rendered":"Rio das Ostras abre calend\u00e1rio nacional de caminhadas"},"content":{"rendered":"<div id=\"materia-letra\">\n<div>\n<div>\n<p>O Instituto Franc\u00eas de Apoio aos Esportes Populares e n\u00e3o Competitivos escolheu a Lagoa de Iriry, em Rio das Ostras, no interior do estado do Rio, para abrir o calend\u00e1rio nacional de caminhadas.\u00a0No pr\u00f3ximo dia 19 a Secretaria de Turismo vai promover a primeira Caminhada na Natureza do ano, no Circuito do Iriry. A concentra\u00e7\u00e3o est\u00e1 marcada para 8h na Lagoa de Iriry e o circuito ter\u00e1 cerca de 10km.<\/p>\n<p>Dois postos de controle v\u00e3o funcionar para carimbar as cadernetas dos caminhantes. Os interessados devem se inscrever pelo site ou direto na sede da Secretaria de Turismo, que fica na Pra\u00e7a Prefeito Cl\u00e1udio Ribeiro, no Centro.<\/p>\n<p>O calend\u00e1rio de Caminhadas na Natureza de Rio das Ostras ainda conta com mais cinco circuitos. Em Abril \u00e9 realizada a Caminhada Cultural; em maio, o Circuito Pau Brasil; em junho, o Circuito Eco-Rural; em julho, o Circuito Ip\u00ea Amarelo; e em novembro, o Circuito permanente de Mar do Norte.<\/p>\n<p><strong>Postos de informa\u00e7\u00f5es tur\u00edsticas<\/strong><\/p>\n<p>A orla da Praia de Costazul ganhou nesta temporada um Posto de Informa\u00e7\u00f5es Tur\u00edsticas para atender a moradores e visitantes.\u00a0No local, as pessoas podem obter informa\u00e7\u00f5es com a equipe t\u00e9cnica da Secretaria sobre os pontos tur\u00edsticos do munic\u00edpio, como chegar nos locais e material informativo sobre Rio das Ostras.<\/p>\n<p>Com uma m\u00e9dia de 15 atendimentos por dia, o Posto funciona de segunda a domingo, das 9h \u00e0s 18h, e vai ficar instalado at\u00e9 depois do Carnaval. &#8220;A orla de Costazul \u00e9 um dos pontos tur\u00edsticos mais visitados de Rio das Ostras e achamos por bem, instalar um posto no local para deixar a informa\u00e7\u00e3o mais acess\u00edvel \u00e0 todas as pessoas&#8221;, disse a secret\u00e1ria de Turismo, Carla Ennes.<\/p>\n<\/div>\n<\/div>\n<\/div>\n","protected":false},"excerpt":{"rendered":"<p>O Instituto Franc\u00eas de Apoio aos Esportes Populares e n\u00e3o Competitivos escolheu a Lagoa de Iriry, em Rio das Ostras, no interior do estado do Rio, para abrir o calend\u00e1rio nacional de caminhadas.\u00a0No pr\u00f3ximo dia 19 a Secretaria de Turismo vai promover a primeira Caminhada na Natureza do ano, no Circuito do Iriry. A concentra\u00e7\u00e3o [&hellip;]<\/p>\n","protected":false},"author":1,"featured_media":0,"comment_status":"open","ping_status":"open","sticky":false,"template":"","format":"standard","meta":{"footnotes":""},"categories":[6],"tags":[],"_links":{"self":[{"href":"https:\/\/www.encontrariodasostras.com.br\/noticias\/wp-json\/wp\/v2\/posts\/566"}],"collection":[{"href":"https:\/\/www.encontrariodasostras.com.br\/noticias\/wp-json\/wp\/v2\/posts"}],"about":[{"href":"https:\/\/www.encontrariodasostras.com.br\/noticias\/wp-json\/wp\/v2\/types\/post"}],"author":[{"embeddable":true,"href":"https:\/\/www.encontrariodasostras.com.br\/noticias\/wp-json\/wp\/v2\/users\/1"}],"replies":[{"embeddable":true,"href":"https:\/\/www.encontrariodasostras.com.br\/noticias\/wp-json\/wp\/v2\/comments?post=566"}],"version-history":[{"count":1,"href":"https:\/\/www.encontrariodasostras.com.br\/noticias\/wp-json\/wp\/v2\/posts\/566\/revisions"}],"predecessor-version":[{"id":567,"href":"https:\/\/www.encontrariodasostras.com.br\/noticias\/wp-json\/wp\/v2\/posts\/566\/revisions\/567"}],"wp:attachment":[{"href":"https:\/\/www.encontrariodasostras.com.br\/noticias\/wp-json\/wp\/v2\/media?parent=566"}],"wp:term":[{"taxonomy":"category","embeddable":true,"href":"https:\/\/www.encontrariodasostras.com.br\/noticias\/wp-json\/wp\/v2\/categories?post=566"},{"taxonomy":"post_tag","embeddable":true,"href":"https:\/\/www.encontrariodasostras.com.br\/noticias\/wp-json\/wp\/v2\/tags?post=566"}],"curies":[{"name":"wp","href":"https:\/\/api.w.org\/{rel}","templated":true}]}}