{"id":562,"date":"2014-01-07T12:01:43","date_gmt":"2014-01-07T12:01:43","guid":{"rendered":"http:\/\/www.encontrariodasostras.com.br\/noticias\/?p=562"},"modified":"2014-01-07T12:01:43","modified_gmt":"2014-01-07T12:01:43","slug":"exposicao-de-artes-movimenta-verao-em-rio-das-ostras","status":"publish","type":"post","link":"https:\/\/www.encontrariodasostras.com.br\/noticias\/exposicao-de-artes-movimenta-verao-em-rio-das-ostras\/","title":{"rendered":"Exposi\u00e7\u00e3o de Artes movimenta ver\u00e3o em Rio das Ostras"},"content":{"rendered":"<p>Uma boa dica cultural em Rio das Ostras, neste Ver\u00e3o, \u00e9 a exposi\u00e7\u00e3o \u201cNossa Arte\u201d, na Casa de Cultura Bento Costa Junior, no Centro.<\/p>\n<p>Na mostra, moradores e turistas podem apreciar pe\u00e7as feitas com cer\u00e2mica, vidro e garrafas recicladas, gesso, argila, ferro, entre outros materiais. A exposi\u00e7\u00e3o fica aberta ao p\u00fablico at\u00e9 o final de janeiro, de ter\u00e7a a domingo, de 9h \u00e0s 18h. A entrada \u00e9 gratuita.<\/p>\n<p>Centenas de visitantes j\u00e1 passaram pela exposi\u00e7\u00e3o que re\u00fane pe\u00e7as confeccionadas por alunos da Fundi\u00e7\u00e3o de Artes e Of\u00edcios do Munic\u00edpio durante as aulas ministradas em 2013.<\/p>\n<p>Instrumentos constru\u00eddos na Luteria t\u00eam chamado a aten\u00e7\u00e3o do p\u00fablico. Rio das Ostras \u00e9 a \u00fanica cidade da Regi\u00e3o que conta uma oficina de constru\u00e7\u00e3o de instrumentos ac\u00fasticos.<\/p>\n","protected":false},"excerpt":{"rendered":"<p>Uma boa dica cultural em Rio das Ostras, neste Ver\u00e3o, \u00e9 a exposi\u00e7\u00e3o \u201cNossa Arte\u201d, na Casa de Cultura Bento Costa Junior, no Centro. Na mostra, moradores e turistas podem apreciar pe\u00e7as feitas com cer\u00e2mica, vidro e garrafas recicladas, gesso, argila, ferro, entre outros materiais. A exposi\u00e7\u00e3o fica aberta ao p\u00fablico at\u00e9 o final de [&hellip;]<\/p>\n","protected":false},"author":1,"featured_media":0,"comment_status":"open","ping_status":"open","sticky":false,"template":"","format":"standard","meta":{"footnotes":""},"categories":[6],"tags":[],"_links":{"self":[{"href":"https:\/\/www.encontrariodasostras.com.br\/noticias\/wp-json\/wp\/v2\/posts\/562"}],"collection":[{"href":"https:\/\/www.encontrariodasostras.com.br\/noticias\/wp-json\/wp\/v2\/posts"}],"about":[{"href":"https:\/\/www.encontrariodasostras.com.br\/noticias\/wp-json\/wp\/v2\/types\/post"}],"author":[{"embeddable":true,"href":"https:\/\/www.encontrariodasostras.com.br\/noticias\/wp-json\/wp\/v2\/users\/1"}],"replies":[{"embeddable":true,"href":"https:\/\/www.encontrariodasostras.com.br\/noticias\/wp-json\/wp\/v2\/comments?post=562"}],"version-history":[{"count":2,"href":"https:\/\/www.encontrariodasostras.com.br\/noticias\/wp-json\/wp\/v2\/posts\/562\/revisions"}],"predecessor-version":[{"id":564,"href":"https:\/\/www.encontrariodasostras.com.br\/noticias\/wp-json\/wp\/v2\/posts\/562\/revisions\/564"}],"wp:attachment":[{"href":"https:\/\/www.encontrariodasostras.com.br\/noticias\/wp-json\/wp\/v2\/media?parent=562"}],"wp:term":[{"taxonomy":"category","embeddable":true,"href":"https:\/\/www.encontrariodasostras.com.br\/noticias\/wp-json\/wp\/v2\/categories?post=562"},{"taxonomy":"post_tag","embeddable":true,"href":"https:\/\/www.encontrariodasostras.com.br\/noticias\/wp-json\/wp\/v2\/tags?post=562"}],"curies":[{"name":"wp","href":"https:\/\/api.w.org\/{rel}","templated":true}]}}