{"id":559,"date":"2013-12-13T11:52:02","date_gmt":"2013-12-13T11:52:02","guid":{"rendered":"http:\/\/www.encontrariodasostras.com.br\/noticias\/?p=559"},"modified":"2013-12-13T11:52:02","modified_gmt":"2013-12-13T11:52:02","slug":"rio-das-ostras-casa-de-bonecas-e-reaberta-em-rocha-leao","status":"publish","type":"post","link":"https:\/\/www.encontrariodasostras.com.br\/noticias\/rio-das-ostras-casa-de-bonecas-e-reaberta-em-rocha-leao\/","title":{"rendered":"Rio das Ostras: Casa de Bonecas \u00e9 reaberta em Rocha Le\u00e3o"},"content":{"rendered":"<p>Para fomentar a produ\u00e7\u00e3o e gera\u00e7\u00e3o de renda das artes\u00e3s locais, a Funda\u00e7\u00e3o Rio das Ostras de Cultura reformulou a Casa de Bonecas, de Rocha Le\u00e3o. A reinaugura\u00e7\u00e3o da Casa, localizada na Pra\u00e7a do Trem, ser\u00e1 nesta sexta, dia 13, \u00e0s 18h30. Na Casa de Bonecas, o Munic\u00edpio oferece aos artes\u00e3os material e estrutura para confec\u00e7\u00e3o de seus produtos, que ficam expostos ao p\u00fablico e dispon\u00edveis \u00e0 venda.<\/p>\n<p>\u201cQueremos que essa produ\u00e7\u00e3o artesanal se reverta em renda para estes profissionais. A Casa de Bonecas j\u00e1 \u00e9 conhecida na regi\u00e3o e agora ela voltar\u00e1 a todo o vapor. Precisamos mostrar as habilidades destes artes\u00e3os que fazem produtos com qualidade\u201d, conta Cosme dos Santos, presidente da Funda\u00e7\u00e3o Rio das Ostras de Cultura.<\/p>\n<p>O local foi aberto em 2005, com o nome de F\u00e1brica de Bonecas. Agora, quem visitar a nova Casa, logo perceber\u00e1 as mudan\u00e7as. Segundo Alessandra Folganes, coordenadora do projeto, as pe\u00e7as ser\u00e3o confeccionadas com material de melhor qualidade e mais resistente. Al\u00e9m disso, outros tipos de enfeites ser\u00e3o criados no local.<\/p>\n<p>\u201cO carro-chefe da Casa s\u00e3o as bonecas, por\u00e9m, queremos que o local ofere\u00e7a outros produtos. Por exemplo, quem for \u00e0 inaugura\u00e7\u00e3o perceber\u00e1 que a unidade estar\u00e1 ornamentada com o tema natalino. Vamos sempre prezar pela qualidade de nossos produtos\u201d, conta.<\/p>\n<p>Outro diferencial do projeto atual \u00e9 o est\u00edmulo \u00e0 autonomia e empreendedorismo. Ao todo, s\u00e3o seis costureiras que dar\u00e3o in\u00edcio ao projeto. Segundo Cosme dos Santos, a ideia \u00e9 que os artes\u00e3os possam futuramente ter seu pr\u00f3prio neg\u00f3cio. \u201cElas j\u00e1 t\u00eam a habilidade, mas precisamos dar oportunidade para o m\u00e1ximo de pessoas poss\u00edvel. Por isso, vamos motiv\u00e1-las para que consigam desenvolver seu pr\u00f3prio estabelecimento\u201d, explica.<\/p>\n<p>A Funda\u00e7\u00e3o de Cultura adquiriu um espa\u00e7o na Feira de Artes\u00e3os, no Centro, para que os produtos confeccionados na Casa de Bonecas sejam vendidos. O valor ser\u00e1 revertido para projetos municipais.<\/p>\n<p>A Casa de Bonecas vai funcionar de segunda a sexta-feira, das 9h \u00e0s 12h e de 13h30 \u00e0s 18h. Aos s\u00e1bados e domingos, de 9h \u00e0s 13h. A Casa fica na Pra\u00e7a do Trem, rua Henrique Sarzedas, em Rocha Le\u00e3o.<\/p>\n","protected":false},"excerpt":{"rendered":"<p>Para fomentar a produ\u00e7\u00e3o e gera\u00e7\u00e3o de renda das artes\u00e3s locais, a Funda\u00e7\u00e3o Rio das Ostras de Cultura reformulou a Casa de Bonecas, de Rocha Le\u00e3o. A reinaugura\u00e7\u00e3o da Casa, localizada na Pra\u00e7a do Trem, ser\u00e1 nesta sexta, dia 13, \u00e0s 18h30. Na Casa de Bonecas, o Munic\u00edpio oferece aos artes\u00e3os material e estrutura para [&hellip;]<\/p>\n","protected":false},"author":1,"featured_media":0,"comment_status":"open","ping_status":"open","sticky":false,"template":"","format":"standard","meta":{"footnotes":""},"categories":[6],"tags":[],"_links":{"self":[{"href":"https:\/\/www.encontrariodasostras.com.br\/noticias\/wp-json\/wp\/v2\/posts\/559"}],"collection":[{"href":"https:\/\/www.encontrariodasostras.com.br\/noticias\/wp-json\/wp\/v2\/posts"}],"about":[{"href":"https:\/\/www.encontrariodasostras.com.br\/noticias\/wp-json\/wp\/v2\/types\/post"}],"author":[{"embeddable":true,"href":"https:\/\/www.encontrariodasostras.com.br\/noticias\/wp-json\/wp\/v2\/users\/1"}],"replies":[{"embeddable":true,"href":"https:\/\/www.encontrariodasostras.com.br\/noticias\/wp-json\/wp\/v2\/comments?post=559"}],"version-history":[{"count":1,"href":"https:\/\/www.encontrariodasostras.com.br\/noticias\/wp-json\/wp\/v2\/posts\/559\/revisions"}],"predecessor-version":[{"id":560,"href":"https:\/\/www.encontrariodasostras.com.br\/noticias\/wp-json\/wp\/v2\/posts\/559\/revisions\/560"}],"wp:attachment":[{"href":"https:\/\/www.encontrariodasostras.com.br\/noticias\/wp-json\/wp\/v2\/media?parent=559"}],"wp:term":[{"taxonomy":"category","embeddable":true,"href":"https:\/\/www.encontrariodasostras.com.br\/noticias\/wp-json\/wp\/v2\/categories?post=559"},{"taxonomy":"post_tag","embeddable":true,"href":"https:\/\/www.encontrariodasostras.com.br\/noticias\/wp-json\/wp\/v2\/tags?post=559"}],"curies":[{"name":"wp","href":"https:\/\/api.w.org\/{rel}","templated":true}]}}