{"id":553,"date":"2013-11-25T00:33:01","date_gmt":"2013-11-25T00:33:01","guid":{"rendered":"http:\/\/www.encontrariodasostras.com.br\/noticias\/?p=553"},"modified":"2013-11-26T13:34:25","modified_gmt":"2013-11-26T13:34:25","slug":"dia-do-musico-e-comemorado-com-programacao-especial-em-rio-das-ostras","status":"publish","type":"post","link":"https:\/\/www.encontrariodasostras.com.br\/noticias\/dia-do-musico-e-comemorado-com-programacao-especial-em-rio-das-ostras\/","title":{"rendered":"Dia do M\u00fasico \u00e9 comemorado com programa\u00e7\u00e3o especial em Rio das Ostras"},"content":{"rendered":"<p>Hoje (26), a partir das 19 horas, a Casa de Cultura Esta\u00e7\u00e3o Casimiro de Abreu ter\u00e1 programa\u00e7\u00e3o especial para homenagear aos m\u00fasicos da cidade. Na programa\u00e7\u00e3o quatro estilos musicais est\u00e3o contemplados. S\u00e3o eles: pop, bossa nova, samba-choro e cl\u00e1ssico.<\/p>\n<p>De acordo com o professor da Escola de M\u00fasica Eliseu Tinoco Miranda, Fl\u00e1vio Freitas, os estilos foram trabalhados com os alunos a partir de projetos durante o semestre. \u201cEstudamos os compositores nordestinos como Gilberto Gil e Hebert Viana, que ningu\u00e9m sabe, mas \u00e9 paraibano\u201d, comentou.<\/p>\n<p>Ainda compondo o bloco pop, Lulu Santos tamb\u00e9m ser\u00e1 homenageado por seus 60 anos. \u2018Um certo algu\u00e9m\u2019, do compositor carioca, foi ensaiado pelo professor Bruno Parente e seus alunos.<\/p>\n<p>O centen\u00e1rio de Vin\u00edcius de Moraes ser\u00e1 lembrado durante o evento, e alunos e professores executar\u00e3o m\u00fasicas do poetinha. Uma delas \u00e9 a conhecida internacionalmente \u2018Garota de Ipanema\u2019.<\/p>\n<p>O samba-choro tem a sua vez com o professor Marco Polo e seus alunos. O compositor Valdir Azevedo ser\u00e1 um dos homenageados. Os 150 anos de nascimento do pianista e compositor brasileiro Ernesto J\u00falio de Nazareth tamb\u00e9m est\u00e3o na programa\u00e7\u00e3o. Ernesto \u00e9 considerado um dos grandes nomes do tango nacional, um subg\u00eanero do choro. Bruno Parente fez uma adapta\u00e7\u00e3o para viol\u00e3o do sucesso \u2018Odeon\u2019, composta em 1910.<\/p>\n<p>Nomes como Beethoven, Bart e Mozart n\u00e3o foram esquecidos e a m\u00fasica cl\u00e1ssica se faz presente no evento, entre outras apresenta\u00e7\u00f5es, com um grupo de flautas em homenagem a Polonaise Mozart, pai do referido artista.<\/p>\n<p>Para a diretora da Escola, Rolsely Oliveira, o trabalho a partir de projetos tem\u00e1ticos faz os alunos evolu\u00edrem musicalmente. \u201cNestas aulas h\u00e1 um enriquecimento cultural muito grande e isso poder\u00e1 ser percebido na homenagem aos m\u00fasicos\u201d, adiantou Rosely.<\/p>\n","protected":false},"excerpt":{"rendered":"<p>Hoje (26), a partir das 19 horas, a Casa de Cultura Esta\u00e7\u00e3o Casimiro de Abreu ter\u00e1 programa\u00e7\u00e3o especial para homenagear aos m\u00fasicos da cidade. Na programa\u00e7\u00e3o quatro estilos musicais est\u00e3o contemplados. S\u00e3o eles: pop, bossa nova, samba-choro e cl\u00e1ssico. De acordo com o professor da Escola de M\u00fasica Eliseu Tinoco Miranda, Fl\u00e1vio Freitas, os estilos [&hellip;]<\/p>\n","protected":false},"author":1,"featured_media":0,"comment_status":"open","ping_status":"open","sticky":false,"template":"","format":"standard","meta":{"footnotes":""},"categories":[6],"tags":[],"_links":{"self":[{"href":"https:\/\/www.encontrariodasostras.com.br\/noticias\/wp-json\/wp\/v2\/posts\/553"}],"collection":[{"href":"https:\/\/www.encontrariodasostras.com.br\/noticias\/wp-json\/wp\/v2\/posts"}],"about":[{"href":"https:\/\/www.encontrariodasostras.com.br\/noticias\/wp-json\/wp\/v2\/types\/post"}],"author":[{"embeddable":true,"href":"https:\/\/www.encontrariodasostras.com.br\/noticias\/wp-json\/wp\/v2\/users\/1"}],"replies":[{"embeddable":true,"href":"https:\/\/www.encontrariodasostras.com.br\/noticias\/wp-json\/wp\/v2\/comments?post=553"}],"version-history":[{"count":2,"href":"https:\/\/www.encontrariodasostras.com.br\/noticias\/wp-json\/wp\/v2\/posts\/553\/revisions"}],"predecessor-version":[{"id":555,"href":"https:\/\/www.encontrariodasostras.com.br\/noticias\/wp-json\/wp\/v2\/posts\/553\/revisions\/555"}],"wp:attachment":[{"href":"https:\/\/www.encontrariodasostras.com.br\/noticias\/wp-json\/wp\/v2\/media?parent=553"}],"wp:term":[{"taxonomy":"category","embeddable":true,"href":"https:\/\/www.encontrariodasostras.com.br\/noticias\/wp-json\/wp\/v2\/categories?post=553"},{"taxonomy":"post_tag","embeddable":true,"href":"https:\/\/www.encontrariodasostras.com.br\/noticias\/wp-json\/wp\/v2\/tags?post=553"}],"curies":[{"name":"wp","href":"https:\/\/api.w.org\/{rel}","templated":true}]}}