{"id":548,"date":"2013-11-14T11:25:23","date_gmt":"2013-11-14T11:25:23","guid":{"rendered":"http:\/\/www.encontrariodasostras.com.br\/noticias\/?p=548"},"modified":"2013-11-14T11:25:23","modified_gmt":"2013-11-14T11:25:23","slug":"rio-das-ostras-oferece-curso-gratuito-de-educacao-alimentar","status":"publish","type":"post","link":"https:\/\/www.encontrariodasostras.com.br\/noticias\/rio-das-ostras-oferece-curso-gratuito-de-educacao-alimentar\/","title":{"rendered":"Rio das Ostras oferece curso gratuito de educa\u00e7\u00e3o alimentar"},"content":{"rendered":"<div id=\"materia-letra\">\n<div>\n<div>\n<p>Moradores de Rio das Ostras, interior do estado do Rio de Janeiro, podem se inscrever a partir desta quinta-feira (14) para o Educa\u00e7\u00e3o Alimentar, que ser\u00e1 realizado no munic\u00edpio entre os dias 21 e 22 deste m\u00eas. A cozinha m\u00f3vel ser\u00e1 montada na Pra\u00e7a S\u00e3o Pedro, das 13h \u00e0s 18h. As inscri\u00e7\u00f5es s\u00e3o gratuitas e podem ser realizadas na Secretaria de Turismo, na Pra\u00e7a Prefeito Cl\u00e1udio Ribeiro, s\/n\u00ba, no bairro Extens\u00e3o do Bosque. O cadastro ser\u00e1 das 8h \u00e0s 18h, e de sexta (15) a domingo (17), das 9h \u00e0s 18h.<\/p>\n<p>O curso ser\u00e1 ministrado por uma nutricionista e um auxiliar de cozinha e conta com uma carga hor\u00e1ria de 10 horas, composta por aulas pr\u00e1ticas e te\u00f3ricas sobre alimenta\u00e7\u00e3o saud\u00e1vel, aproveitamento integral dos alimentos, t\u00e9cnicas de preparo, higiene e conserva\u00e7\u00e3o dos alimentos e planejamento de compras e cuidados com a sa\u00fade, como preven\u00e7\u00e3o de doen\u00e7as cr\u00f4nicas n\u00e3o transmiss\u00edveis (diabetes, hipertens\u00e3o e doen\u00e7as cardiovasculares). Qualquer pessoa com idade acima de 16 anos pode se inscrever.<\/p>\n<p><strong>Cozinha Brasil<\/strong><br \/>\nO Projeto Cozinha Brasil visa promover a educa\u00e7\u00e3o alimentar com impactos positivos para a sa\u00fade e valoriza\u00e7\u00e3o da renda por meio do aproveitamento total dos alimentos. Uma iniciativa do Conselho Nacional do Servi\u00e7o Social da Ind\u00fastria (SESI), em parceria com o Minist\u00e9rio do Desenvolvimento Social e Combate \u00e0 Fome e empresas da iniciativa p\u00fablica e privada.<\/p>\n<\/div>\n<\/div>\n<\/div>\n","protected":false},"excerpt":{"rendered":"<p>Moradores de Rio das Ostras, interior do estado do Rio de Janeiro, podem se inscrever a partir desta quinta-feira (14) para o Educa\u00e7\u00e3o Alimentar, que ser\u00e1 realizado no munic\u00edpio entre os dias 21 e 22 deste m\u00eas. A cozinha m\u00f3vel ser\u00e1 montada na Pra\u00e7a S\u00e3o Pedro, das 13h \u00e0s 18h. As inscri\u00e7\u00f5es s\u00e3o gratuitas e [&hellip;]<\/p>\n","protected":false},"author":1,"featured_media":0,"comment_status":"open","ping_status":"open","sticky":false,"template":"","format":"standard","meta":{"footnotes":""},"categories":[6],"tags":[],"_links":{"self":[{"href":"https:\/\/www.encontrariodasostras.com.br\/noticias\/wp-json\/wp\/v2\/posts\/548"}],"collection":[{"href":"https:\/\/www.encontrariodasostras.com.br\/noticias\/wp-json\/wp\/v2\/posts"}],"about":[{"href":"https:\/\/www.encontrariodasostras.com.br\/noticias\/wp-json\/wp\/v2\/types\/post"}],"author":[{"embeddable":true,"href":"https:\/\/www.encontrariodasostras.com.br\/noticias\/wp-json\/wp\/v2\/users\/1"}],"replies":[{"embeddable":true,"href":"https:\/\/www.encontrariodasostras.com.br\/noticias\/wp-json\/wp\/v2\/comments?post=548"}],"version-history":[{"count":1,"href":"https:\/\/www.encontrariodasostras.com.br\/noticias\/wp-json\/wp\/v2\/posts\/548\/revisions"}],"predecessor-version":[{"id":549,"href":"https:\/\/www.encontrariodasostras.com.br\/noticias\/wp-json\/wp\/v2\/posts\/548\/revisions\/549"}],"wp:attachment":[{"href":"https:\/\/www.encontrariodasostras.com.br\/noticias\/wp-json\/wp\/v2\/media?parent=548"}],"wp:term":[{"taxonomy":"category","embeddable":true,"href":"https:\/\/www.encontrariodasostras.com.br\/noticias\/wp-json\/wp\/v2\/categories?post=548"},{"taxonomy":"post_tag","embeddable":true,"href":"https:\/\/www.encontrariodasostras.com.br\/noticias\/wp-json\/wp\/v2\/tags?post=548"}],"curies":[{"name":"wp","href":"https:\/\/api.w.org\/{rel}","templated":true}]}}