{"id":544,"date":"2013-11-05T00:58:49","date_gmt":"2013-11-05T00:58:49","guid":{"rendered":"http:\/\/www.encontrariodasostras.com.br\/noticias\/?p=544"},"modified":"2013-11-04T12:58:59","modified_gmt":"2013-11-04T12:58:59","slug":"rio-das-ostras-promove-acoes-do-novembro-azul","status":"publish","type":"post","link":"https:\/\/www.encontrariodasostras.com.br\/noticias\/rio-das-ostras-promove-acoes-do-novembro-azul\/","title":{"rendered":"Rio das Ostras promove a\u00e7\u00f5es do Novembro Azul"},"content":{"rendered":"<p>Depois de um m\u00eas dedicado \u00e0s mulheres, com atividades em prol da preven\u00e7\u00e3o do c\u00e2ncer de mama no movimento \u201cOutubro Rosa\u201d, o munic\u00edpio de Rio das Ostras, interior do estado do Rio, vai promover o &#8220;Novembro Azul&#8221;, m\u00eas dedicado \u00e0s a\u00e7\u00f5es de preven\u00e7\u00e3o contra o c\u00e2ncer de pr\u00f3stata. A abertura oficial do evento aconteceu na sexta-feira (1), \u00e0s 9h, na sede da <a title=\"Prefeitura de Rio das Ostras\" href=\"http:\/\/www.encontrariodasostras.com.br\/rio-das-ostras\/prefeitura-municipal-de-rio-das-ostras.shtml\" target=\"_blank\">Prefeitura de Rio das Ostras<\/a>, e a programa\u00e7\u00e3o segue at\u00e9 o fim do m\u00eas, nas unidades de sa\u00fade.<\/p>\n<p>Novembro \u00e9 o m\u00eas escolhido internacionalmente para lembrar o tema, porque no dia 17 comemora-se o Dia Mundial de Combate ao C\u00e2ncer de Pr\u00f3stata. Em Rio das Ostras, a secretaria de Sa\u00fade mobilizou os programas de Sa\u00fade do Homem e de controle da Hipertens\u00e3o e Diabetes \u2013 Hiperdia em uma extensa programa\u00e7\u00e3o.<\/p>\n<p>Na sexta-feira as a\u00e7\u00f5es de sa\u00fade incluem aferi\u00e7\u00e3o da glicemia, oficina de insulina (t\u00e9cnica de aplica\u00e7\u00e3o da insulina), orienta\u00e7\u00f5es sobre o p\u00e9 diab\u00e9tico, avalia\u00e7\u00e3o do \u00edndice de massa corporal (IMC) e orienta\u00e7\u00f5es nutricionais. A equipe tamb\u00e9m vai informar sobre a sa\u00fade do homem, enfocando temas como tabagismo, Doen\u00e7as Sexualmente Transmiss\u00edveis e o c\u00e2ncer de pr\u00f3stata.<\/p>\n<p>As a\u00e7\u00f5es continuam durante todo o m\u00eas, com atividades nas unidades b\u00e1sicas de sa\u00fade. Em novembro, alguns postos reservaram hor\u00e1rios para livre demanda de atendimento aos homens, ou seja, os moradores ser\u00e3o atendidos mesmo sem consulta marcada. Veja a programa\u00e7\u00e3o completa abaixo.<\/p>\n<p><strong>ZEN <\/strong><\/p>\n<p>De 25 a 29 de novembro as equipes da Secretaria de Sa\u00fade promovem a\u00e7\u00f5es educativas aos trabalhadores da Zona especial de Neg\u00f3cios (ZEN). Entre as atividades est\u00e3o aferi\u00e7\u00e3o de glicemia e press\u00e3o arterial, distribui\u00e7\u00e3o de material informativo e orienta\u00e7\u00f5es sobre diabetes, c\u00e2ncer de pr\u00f3stata, tabagismo e DSTs, al\u00e9m de informa\u00e7\u00f5es sobre alimenta\u00e7\u00e3o saud\u00e1vel e verifica\u00e7\u00e3o de IMC.<\/p>\n","protected":false},"excerpt":{"rendered":"<p>Depois de um m\u00eas dedicado \u00e0s mulheres, com atividades em prol da preven\u00e7\u00e3o do c\u00e2ncer de mama no movimento \u201cOutubro Rosa\u201d, o munic\u00edpio de Rio das Ostras, interior do estado do Rio, vai promover o &#8220;Novembro Azul&#8221;, m\u00eas dedicado \u00e0s a\u00e7\u00f5es de preven\u00e7\u00e3o contra o c\u00e2ncer de pr\u00f3stata. A abertura oficial do evento aconteceu na [&hellip;]<\/p>\n","protected":false},"author":1,"featured_media":0,"comment_status":"open","ping_status":"open","sticky":false,"template":"","format":"standard","meta":{"footnotes":""},"categories":[6],"tags":[],"_links":{"self":[{"href":"https:\/\/www.encontrariodasostras.com.br\/noticias\/wp-json\/wp\/v2\/posts\/544"}],"collection":[{"href":"https:\/\/www.encontrariodasostras.com.br\/noticias\/wp-json\/wp\/v2\/posts"}],"about":[{"href":"https:\/\/www.encontrariodasostras.com.br\/noticias\/wp-json\/wp\/v2\/types\/post"}],"author":[{"embeddable":true,"href":"https:\/\/www.encontrariodasostras.com.br\/noticias\/wp-json\/wp\/v2\/users\/1"}],"replies":[{"embeddable":true,"href":"https:\/\/www.encontrariodasostras.com.br\/noticias\/wp-json\/wp\/v2\/comments?post=544"}],"version-history":[{"count":2,"href":"https:\/\/www.encontrariodasostras.com.br\/noticias\/wp-json\/wp\/v2\/posts\/544\/revisions"}],"predecessor-version":[{"id":546,"href":"https:\/\/www.encontrariodasostras.com.br\/noticias\/wp-json\/wp\/v2\/posts\/544\/revisions\/546"}],"wp:attachment":[{"href":"https:\/\/www.encontrariodasostras.com.br\/noticias\/wp-json\/wp\/v2\/media?parent=544"}],"wp:term":[{"taxonomy":"category","embeddable":true,"href":"https:\/\/www.encontrariodasostras.com.br\/noticias\/wp-json\/wp\/v2\/categories?post=544"},{"taxonomy":"post_tag","embeddable":true,"href":"https:\/\/www.encontrariodasostras.com.br\/noticias\/wp-json\/wp\/v2\/tags?post=544"}],"curies":[{"name":"wp","href":"https:\/\/api.w.org\/{rel}","templated":true}]}}