{"id":542,"date":"2013-10-31T12:12:17","date_gmt":"2013-10-31T12:12:17","guid":{"rendered":"http:\/\/www.encontrariodasostras.com.br\/noticias\/?p=542"},"modified":"2013-10-31T12:12:17","modified_gmt":"2013-10-31T12:12:17","slug":"festival-de-frutos-do-mar-comeca-nesta-sexta-feira-em-rio-das-ostras","status":"publish","type":"post","link":"https:\/\/www.encontrariodasostras.com.br\/noticias\/festival-de-frutos-do-mar-comeca-nesta-sexta-feira-em-rio-das-ostras\/","title":{"rendered":"Festival de Frutos do Mar come\u00e7a nesta sexta-feira em Rio das Ostras"},"content":{"rendered":"<p>A partir desta sexta-feira, 1\u00ba de novembro, Rio das Ostras divulga sua gastronomia no j\u00e1 tradicional Festival de Frutos do Mar, que chega a sua 17\u00aa edi\u00e7\u00e3o. O evento acontece em 11 restaurantes da cidade, com receitas in\u00e9ditas e pratos ao pre\u00e7o \u00fanico de R$25.<\/p>\n<p>Este ano, o evento, que ser\u00e1 coordenado pelo chef Jos\u00e9 Hugo Celid\u00f4nio, ter\u00e1 workshops com chefs consagrados nacionalmente, como Pedro d&#8217;Artag\u00e3o, do Iraj\u00e1 Gastr\u00f4, restaurante contempor\u00e2neo do Rio de Janeiro, e Francesco Carli, chef executivo do Copacabana Palace.<\/p>\n<p>Nomes da gastronomia regional tamb\u00e9m estar\u00e3o presentes. O ex-sours chef do Quadrucci de B\u00fazios, Iran Assun\u00e7\u00e3o, e o chef Leonardo Lima, do Bar da Boca Bistr\u00f4 e Antiqu\u00e1rio de Maca\u00e9, tamb\u00e9m ministrar\u00e3o aulas. O en\u00f3logo Juliano Carraro, da Vin\u00edcola L\u00eddio Carraro, far\u00e1 harmoniza\u00e7\u00e3o com as receitas. Todos os workshops ser\u00e3o realizados em um espa\u00e7o montado na Pra\u00e7a S\u00e3o Pedro, no Centro. As aulas acontecem nos dias 1, 2 e 3 de novembro. Veja a programa\u00e7\u00e3o completa abaixo.<\/p>\n<p>De acordo com a secret\u00e1ria de Turismo, Carla Ennes, o Festival est\u00e1 crescendo e se tornando um dos principais eventos tur\u00edsticos da cidade. \u201cEstamos trazendo de volta grandes nomes da gastronomia brasileira, misturados com expoentes da regi\u00e3o, tudo isso com a assinatura de Jos\u00e9 Hugo Celid\u00f4nio. O Festival \u00e9 tamb\u00e9m uma oportunidade de troca de experi\u00eancias e um incremento na economia da cidade\u201d, disse.<\/p>\n<p>Participam desta edi\u00e7\u00e3o os restaurantes Bar da Boca, Bartr\u00f4 Restaurante e Bistr\u00f4, Casa das Massas, Casa da Praia, Julien&#8217;s, Ponto Tropical, Rancho da Baiana, D\u00ea Gastronomia, Macaxeira, Mundi Gourmet e Yakiostras.<\/p>\n<p>Nesta quarta, dia 30, Jos\u00e9 Hugo Celid\u00f4nio ministrou uma aula para chefs dos restaurantes da cidade, que aprenderam a fazer a famosa Moqueca Carioca criada por Celid\u00f4nio.<\/p>\n<p>PARCERIAS &#8211; O Festival de Frutos do Mar conta com a parceria da Secretaria de Estado de Desenvolvimento Regional, Abastecimento e Pesca, Funda\u00e7\u00e3o Instituto de Pesca do Estado do Rio de Janeiro \u2013 Fiperj, S\u00f3 Peixe Distribuidora de Pescado, Ital\u00ednea M\u00f3veis \u2013 Grupo Villaare, Vin\u00edcola Boutique L\u00eddio Carraro e Adega Cocoric\u00f3.<\/p>\n<p><strong>Programa\u00e7\u00e3o (Pra\u00e7a S\u00e3o Pedro):<\/strong><\/p>\n<p><strong>1 de novembro<\/strong><br \/>\n19h &#8211; Aula com En\u00f3logo Juliano Carraro &#8211; Vin\u00edcola L\u00eddio Carraro<br \/>\n20h -Aula p\u00fablica com Chef Pedro D&#8217;Artag\u00e3o &#8211; Restaurante Iraj\u00e1 Gastr\u00f4\/RJ<br \/>\n23h &#8211; Show com Maur\u00edcio Sahady &#8211; Concha Ac\u00fastica<\/p>\n<p><strong>2 de novembro<\/strong><br \/>\n19h &#8211; Aula com En\u00f3logo Juliano Carraro &#8211; Vin\u00edcola L\u00eddio Carraro<br \/>\n20h &#8211; Aula p\u00fablica com o Chef Francesco Carli &#8211; Copacabana Palace\/RJ<br \/>\n21h30 &#8211; Aula p\u00fablica com o Chef Jos\u00e9 Hugo Celid\u00f4nio &#8211; Revista de Domingo<br \/>\n23h &#8211; Show com Tarin Spilzman &#8211; Concha Ac\u00fastica<\/p>\n<p><strong>3 de novembro<\/strong><br \/>\n18h &#8211; Aula p\u00fablica com o chef Iran Assump\u00e7\u00e3o &#8211; ex-Quadrucci B\u00fazios<br \/>\n20h &#8211; Aula p\u00fablica com o chef Leonardo Lima &#8211; Bar da Boca Bistr\u00f4\/Maca\u00e9<\/p>\n","protected":false},"excerpt":{"rendered":"<p>A partir desta sexta-feira, 1\u00ba de novembro, Rio das Ostras divulga sua gastronomia no j\u00e1 tradicional Festival de Frutos do Mar, que chega a sua 17\u00aa edi\u00e7\u00e3o. O evento acontece em 11 restaurantes da cidade, com receitas in\u00e9ditas e pratos ao pre\u00e7o \u00fanico de R$25. Este ano, o evento, que ser\u00e1 coordenado pelo chef Jos\u00e9 [&hellip;]<\/p>\n","protected":false},"author":1,"featured_media":0,"comment_status":"open","ping_status":"open","sticky":false,"template":"","format":"standard","meta":{"footnotes":""},"categories":[6],"tags":[],"_links":{"self":[{"href":"https:\/\/www.encontrariodasostras.com.br\/noticias\/wp-json\/wp\/v2\/posts\/542"}],"collection":[{"href":"https:\/\/www.encontrariodasostras.com.br\/noticias\/wp-json\/wp\/v2\/posts"}],"about":[{"href":"https:\/\/www.encontrariodasostras.com.br\/noticias\/wp-json\/wp\/v2\/types\/post"}],"author":[{"embeddable":true,"href":"https:\/\/www.encontrariodasostras.com.br\/noticias\/wp-json\/wp\/v2\/users\/1"}],"replies":[{"embeddable":true,"href":"https:\/\/www.encontrariodasostras.com.br\/noticias\/wp-json\/wp\/v2\/comments?post=542"}],"version-history":[{"count":1,"href":"https:\/\/www.encontrariodasostras.com.br\/noticias\/wp-json\/wp\/v2\/posts\/542\/revisions"}],"predecessor-version":[{"id":543,"href":"https:\/\/www.encontrariodasostras.com.br\/noticias\/wp-json\/wp\/v2\/posts\/542\/revisions\/543"}],"wp:attachment":[{"href":"https:\/\/www.encontrariodasostras.com.br\/noticias\/wp-json\/wp\/v2\/media?parent=542"}],"wp:term":[{"taxonomy":"category","embeddable":true,"href":"https:\/\/www.encontrariodasostras.com.br\/noticias\/wp-json\/wp\/v2\/categories?post=542"},{"taxonomy":"post_tag","embeddable":true,"href":"https:\/\/www.encontrariodasostras.com.br\/noticias\/wp-json\/wp\/v2\/tags?post=542"}],"curies":[{"name":"wp","href":"https:\/\/api.w.org\/{rel}","templated":true}]}}