{"id":533,"date":"2013-10-03T15:47:45","date_gmt":"2013-10-03T15:47:45","guid":{"rendered":"http:\/\/www.encontrariodasostras.com.br\/noticias\/?p=533"},"modified":"2013-10-03T15:48:20","modified_gmt":"2013-10-03T15:48:20","slug":"rio-das-ostras-sediara-encontro-internacional-de-aquaviarios","status":"publish","type":"post","link":"https:\/\/www.encontrariodasostras.com.br\/noticias\/rio-das-ostras-sediara-encontro-internacional-de-aquaviarios\/","title":{"rendered":"Rio das Ostras sediar\u00e1 encontro internacional de aquavi\u00e1rios"},"content":{"rendered":"<p>A situa\u00e7\u00e3o dos trabalhadores do setor aquavi\u00e1rios de todo o Brasil, Am\u00e9rica Latina, \u00c1frica e parte da Europa ser\u00e1 discutida em Rio das Ostras, entre os dias 4 a 8 de novembro. O munic\u00edpio vai sediar a Confer\u00eancia Inter Americana de Trabalhadores Aquavi\u00e1rios.<\/p>\n<p>Na tarde desta ter\u00e7a-feira, dia 1o, o prefeito Sabino e o respons\u00e1vel pelo Departamento de Aquicultura do munic\u00edpio, Ronaldo Paes Lemes, receberam o vice-presidente da Federa\u00e7\u00e3o Nacional dos Trabalhadores em Transportes Aquavi\u00e1rios e Afins, Luis Rodrigues Leite Penteado, o diretor administrativo da entidade, Paulo C\u00e9sar Brah\u00e3o e o secret\u00e1rio Regional do ITF Am\u00e9ricas, Ant\u00f4nio Fritz, quando foi selada a parceria.<\/p>\n<p>O prefeito destacou que a realiza\u00e7\u00e3o de um evento desse porte no munic\u00edpio \u00e9 de grande import\u00e2ncia, j\u00e1 que al\u00e9m e discutir a situa\u00e7\u00e3o do trabalhador brasileiro e tamb\u00e9m de pa\u00edses estrangeiros, vai aquecer a economia da cidade. O evento \u00e9 ainda um passo importante para a Confer\u00eancia Mundial.<\/p>\n<p>O encontro deve reunir cerca de 180 delegados nacionais e internacionais. S\u00f3 do Brasil est\u00e3o sendo aguardados aproximadamente 50 representantes dos trabalhadores aquavi\u00e1rios e afins. Durante o evento, ser\u00e3o abordados temas como organiza\u00e7\u00e3o e estrutura sindical, direitos humanos, tecnologia do setor e os benef\u00edcios que essa ferramenta tecnol\u00f3gica traz para o trabalhador.<\/p>\n<p>A Federa\u00e7\u00e3o Internacional dos Trabalhadores de Transportes Aquavi\u00e1rios foi criada em 1896, em Londres, e hoje est\u00e1 em 168 pa\u00edses reunindo cerca de 720 entidades filiadas, mobilizando cerca de 5 milh\u00f5es de trabalhadores. No Brasil, o escrit\u00f3rio est\u00e1 sediado no Rio de Janeiro.<\/p>\n","protected":false},"excerpt":{"rendered":"<p>A situa\u00e7\u00e3o dos trabalhadores do setor aquavi\u00e1rios de todo o Brasil, Am\u00e9rica Latina, \u00c1frica e parte da Europa ser\u00e1 discutida em Rio das Ostras, entre os dias 4 a 8 de novembro. O munic\u00edpio vai sediar a Confer\u00eancia Inter Americana de Trabalhadores Aquavi\u00e1rios. Na tarde desta ter\u00e7a-feira, dia 1o, o prefeito Sabino e o respons\u00e1vel [&hellip;]<\/p>\n","protected":false},"author":1,"featured_media":0,"comment_status":"open","ping_status":"open","sticky":false,"template":"","format":"standard","meta":{"footnotes":""},"categories":[6],"tags":[],"_links":{"self":[{"href":"https:\/\/www.encontrariodasostras.com.br\/noticias\/wp-json\/wp\/v2\/posts\/533"}],"collection":[{"href":"https:\/\/www.encontrariodasostras.com.br\/noticias\/wp-json\/wp\/v2\/posts"}],"about":[{"href":"https:\/\/www.encontrariodasostras.com.br\/noticias\/wp-json\/wp\/v2\/types\/post"}],"author":[{"embeddable":true,"href":"https:\/\/www.encontrariodasostras.com.br\/noticias\/wp-json\/wp\/v2\/users\/1"}],"replies":[{"embeddable":true,"href":"https:\/\/www.encontrariodasostras.com.br\/noticias\/wp-json\/wp\/v2\/comments?post=533"}],"version-history":[{"count":2,"href":"https:\/\/www.encontrariodasostras.com.br\/noticias\/wp-json\/wp\/v2\/posts\/533\/revisions"}],"predecessor-version":[{"id":535,"href":"https:\/\/www.encontrariodasostras.com.br\/noticias\/wp-json\/wp\/v2\/posts\/533\/revisions\/535"}],"wp:attachment":[{"href":"https:\/\/www.encontrariodasostras.com.br\/noticias\/wp-json\/wp\/v2\/media?parent=533"}],"wp:term":[{"taxonomy":"category","embeddable":true,"href":"https:\/\/www.encontrariodasostras.com.br\/noticias\/wp-json\/wp\/v2\/categories?post=533"},{"taxonomy":"post_tag","embeddable":true,"href":"https:\/\/www.encontrariodasostras.com.br\/noticias\/wp-json\/wp\/v2\/tags?post=533"}],"curies":[{"name":"wp","href":"https:\/\/api.w.org\/{rel}","templated":true}]}}