{"id":530,"date":"2013-09-19T01:20:19","date_gmt":"2013-09-19T01:20:19","guid":{"rendered":"http:\/\/www.encontrariodasostras.com.br\/noticias\/?p=530"},"modified":"2013-09-19T13:21:14","modified_gmt":"2013-09-19T13:21:14","slug":"soul-da-casa-e-o-mais-novo-projeto-artistico-de-rio-das-ostras","status":"publish","type":"post","link":"https:\/\/www.encontrariodasostras.com.br\/noticias\/soul-da-casa-e-o-mais-novo-projeto-artistico-de-rio-das-ostras\/","title":{"rendered":"Soul da Casa \u00e9 o mais novo projeto art\u00edstico de Rio das Ostras"},"content":{"rendered":"<p>Valorizar os artistas locais e oferecer espa\u00e7o para que mostrem os seus talentos \u00e9 uma das prioridades da Funda\u00e7\u00e3o Rio das Ostras de Cultura. Com esse objetivo, a Funda\u00e7\u00e3o lan\u00e7a nesta quinta, 19, o projeto Soul da Casa, que abre as portas do Teatro Popular do Munic\u00edpio para os alguns m\u00fasicos da Cidade As apresenta\u00e7\u00f5es acontecem todas as quintas, \u00e0s 20h30, com entrada a R$20, inteira, e R$10, meia.<\/p>\n<p>\u201cAgora que nosso Teatro Popular est\u00e1 funcionando a todo vapor, vamos elaborar outros projetos de shows musicais e dan\u00e7a com artistas de nossa regi\u00e3o. Ser\u00e1 bom para o artista e para nossa popula\u00e7\u00e3o que j\u00e1 ansiava por esse momento\u201d, explica Cosme do Santos, presidente da Funda\u00e7\u00e3o de Cultura.<\/p>\n<p>S\u00e3o nove shows j\u00e1 programados para acontecer at\u00e9 o dia 21 de novembro. No palco, m\u00fasicos de diversos g\u00eaneros entre samba, MBP e Pop Rock. Alguns artistas far\u00e3o tributos a \u00edcones da m\u00fasica brasileira como Cazuza, Cassia Eller, Maria Beth\u00e2nia, Caetano Veloso, Luiz Gonzaga, Dominguinhos e Elis Regina.<\/p>\n<p>Quem abre a programa\u00e7\u00e3o \u00e9 o m\u00fasico Iran BZ, que traz em seu repert\u00f3rio fortes influ\u00eancias nordestinas. \u201cSinto-me honrado em abrir a s\u00e9rie de apresenta\u00e7\u00f5es que contar\u00e1 com tanta gente talentosa. Acho esta intera\u00e7\u00e3o important\u00edssima para o desenvolvimento da arte local\u201d, relata o cantor e compositor.<\/p>\n<p>A universit\u00e1ria Nath\u00e1lia Gomes elogiou a iniciativa. \u201cEstudo em Rio das Ostras e fico na Cidade durante toda a semana. Gosto muito de m\u00fasica nacional e o \u2018Soul da Casa\u2019 ser\u00e1 uma \u00f3tima oportunidade para ouvir can\u00e7\u00f5es que embalaram momentos importantes da minha vida. \u00c9 bom saber que a Cidade que escolhi para estudar oferece uma boa programa\u00e7\u00e3o cultural\u201d, conta.<\/p>\n<p><strong>Confira a programa\u00e7\u00e3o completa<\/strong><\/p>\n<p>19 de Setembro \u2013 Iran BZ em \u201cA estrada, o Rio, a Viola\u201d \u2013 20h30<br \/>\n26 de Setembro \u2013 \u201cBanda Nograu\u201d \u2013 20h30<br \/>\n03 de Outubro \u2013 \u201cArnaldho de S\u00e1 canta Maria Beth\u00e2nia\u201d \u2013 20h30<br \/>\n17 de Outubro \u2013 \u201cMicha Devellard canta Cazuza e C\u00e1ssia Eller\u201d \u2013 20h30<br \/>\n24 de Outubro \u2013 \u201cTrio em L\u00e1 Menor\u201d \u2013 20h30<br \/>\n31 de Outubro \u2013 \u201cM\u00e1rcia Costa\u201d \u2013 21h00<br \/>\n07 de Novembro \u2013 \u201cLita Lopes\u201d \u2013 20h30<br \/>\n14 de Novembro \u2013 \u201cO Mar Vai Virar Sert\u00e3o\u201d, com Aline Ara\u00fajo \u2013 20h30<br \/>\n21 de Novembro \u2013 \u201cArnaldo Canta Caetano\u201d \u2013 20h30<\/p>\n","protected":false},"excerpt":{"rendered":"<p>Valorizar os artistas locais e oferecer espa\u00e7o para que mostrem os seus talentos \u00e9 uma das prioridades da Funda\u00e7\u00e3o Rio das Ostras de Cultura. Com esse objetivo, a Funda\u00e7\u00e3o lan\u00e7a nesta quinta, 19, o projeto Soul da Casa, que abre as portas do Teatro Popular do Munic\u00edpio para os alguns m\u00fasicos da Cidade As apresenta\u00e7\u00f5es [&hellip;]<\/p>\n","protected":false},"author":1,"featured_media":0,"comment_status":"open","ping_status":"open","sticky":false,"template":"","format":"standard","meta":{"footnotes":""},"categories":[6],"tags":[],"_links":{"self":[{"href":"https:\/\/www.encontrariodasostras.com.br\/noticias\/wp-json\/wp\/v2\/posts\/530"}],"collection":[{"href":"https:\/\/www.encontrariodasostras.com.br\/noticias\/wp-json\/wp\/v2\/posts"}],"about":[{"href":"https:\/\/www.encontrariodasostras.com.br\/noticias\/wp-json\/wp\/v2\/types\/post"}],"author":[{"embeddable":true,"href":"https:\/\/www.encontrariodasostras.com.br\/noticias\/wp-json\/wp\/v2\/users\/1"}],"replies":[{"embeddable":true,"href":"https:\/\/www.encontrariodasostras.com.br\/noticias\/wp-json\/wp\/v2\/comments?post=530"}],"version-history":[{"count":1,"href":"https:\/\/www.encontrariodasostras.com.br\/noticias\/wp-json\/wp\/v2\/posts\/530\/revisions"}],"predecessor-version":[{"id":531,"href":"https:\/\/www.encontrariodasostras.com.br\/noticias\/wp-json\/wp\/v2\/posts\/530\/revisions\/531"}],"wp:attachment":[{"href":"https:\/\/www.encontrariodasostras.com.br\/noticias\/wp-json\/wp\/v2\/media?parent=530"}],"wp:term":[{"taxonomy":"category","embeddable":true,"href":"https:\/\/www.encontrariodasostras.com.br\/noticias\/wp-json\/wp\/v2\/categories?post=530"},{"taxonomy":"post_tag","embeddable":true,"href":"https:\/\/www.encontrariodasostras.com.br\/noticias\/wp-json\/wp\/v2\/tags?post=530"}],"curies":[{"name":"wp","href":"https:\/\/api.w.org\/{rel}","templated":true}]}}