{"id":525,"date":"2013-09-04T15:22:24","date_gmt":"2013-09-04T15:22:24","guid":{"rendered":"http:\/\/www.encontrariodasostras.com.br\/noticias\/?p=525"},"modified":"2013-09-04T15:22:24","modified_gmt":"2013-09-04T15:22:24","slug":"rio-das-ostras-realiza-feira-de-precos-especiais","status":"publish","type":"post","link":"https:\/\/www.encontrariodasostras.com.br\/noticias\/rio-das-ostras-realiza-feira-de-precos-especiais\/","title":{"rendered":"Rio das Ostras realiza Feira de Pre\u00e7os Especiais"},"content":{"rendered":"<p>Al\u00e9m de poder comprar produtos e adquirir servi\u00e7os com pre\u00e7os menores do que o praticado no mercado, o p\u00fablico que prestigiar a segunda edi\u00e7\u00e3o da Feira de Pre\u00e7os Especiais &#8211; Fepe vai se entreter com shows variados de chorinho, samba, rock e MPB. A crian\u00e7ada tamb\u00e9m ser\u00e1 contemplada no s\u00e1bado e no domingo com muita anima\u00e7\u00e3o com a &#8220;Galinha Pintadinha&#8221; e &#8220;Patati Patat\u00e1&#8221;.<\/p>\n<p>A Fepe come\u00e7a nesta quinta-feira, dia 5, e vai at\u00e9 domingo, dia 8, no Espa\u00e7o de Eventos de Costazul. Segundo estimativa da Secretaria de Desenvolvimento Econ\u00f4mico, cerca de 40 mil pessoas devem passar pela Feira durante os quatro dias, movimentando aproximadamente R$ 3 milh\u00f5es de reais.<\/p>\n<p>Quem vai abrir os trabalho musicais na Fepe, na quinta-feira, \u00e9 o m\u00fasico Remy apresentando um show de voz e viol\u00e3o a partir das 19h30. Na sexta-feira, dia 6, o som ficar\u00e1 por conta da mineira Fernanda Sant&#8217;Anna, com um variado repert\u00f3rio de m\u00fasica popular brasileira. No s\u00e1bado, as atra\u00e7\u00f5es come\u00e7am \u00e0s 15h com uma roda de chorinho com o grupo &#8220;Na Onda do Choro&#8221;. No in\u00edcio da noite, \u00e0s 18h, a crian\u00e7ada vai poder se divertir com as brincadeiras da &#8220;Galinha Pintadinha&#8221; e, fechando a noite, Josiel e Banda v\u00e3o brindar o p\u00fablico com muita m\u00fasica. No domingo, \u00faltimo dia de feira, o Trio L\u00e1 Menor abre a programa\u00e7\u00e3o, tamb\u00e9m \u00e0s 15h. A dupla de palha\u00e7os Patati Patat\u00e1 \u00e9 quem vai ficar respons\u00e1vel pela anima\u00e7\u00e3o das crian\u00e7as a partir das 18h. Para encerrar, o p\u00fablico vai poder curtir o samba de raiz com o grupo &#8220;\u00c1gua da Mina&#8221;.<\/p>\n<p>Fepe &#8211; A Feira de Pre\u00e7os Especiais \u00e9 uma realiza\u00e7\u00e3o da Prefeitura de Rio das Ostras, por meio da Secretaria de Desenvolvimento Econ\u00f4mico, e tem o objetivo de promover uma a\u00e7\u00e3o de neg\u00f3cios aquecendo a economia na cidade na baixa temporada, beneficiando os empres\u00e1rios, que tem uma oportunidade de liquidar estoques de antigas cole\u00e7\u00f5es, e consumidores que poder\u00e3o comprar produtos como vestu\u00e1rios, acess\u00f3rios e \u00edtens de beleza, al\u00e9m de adquirir servi\u00e7os com descontos.<\/p>\n","protected":false},"excerpt":{"rendered":"<p>Al\u00e9m de poder comprar produtos e adquirir servi\u00e7os com pre\u00e7os menores do que o praticado no mercado, o p\u00fablico que prestigiar a segunda edi\u00e7\u00e3o da Feira de Pre\u00e7os Especiais &#8211; Fepe vai se entreter com shows variados de chorinho, samba, rock e MPB. A crian\u00e7ada tamb\u00e9m ser\u00e1 contemplada no s\u00e1bado e no domingo com muita [&hellip;]<\/p>\n","protected":false},"author":1,"featured_media":0,"comment_status":"open","ping_status":"open","sticky":false,"template":"","format":"standard","meta":{"footnotes":""},"categories":[6],"tags":[],"_links":{"self":[{"href":"https:\/\/www.encontrariodasostras.com.br\/noticias\/wp-json\/wp\/v2\/posts\/525"}],"collection":[{"href":"https:\/\/www.encontrariodasostras.com.br\/noticias\/wp-json\/wp\/v2\/posts"}],"about":[{"href":"https:\/\/www.encontrariodasostras.com.br\/noticias\/wp-json\/wp\/v2\/types\/post"}],"author":[{"embeddable":true,"href":"https:\/\/www.encontrariodasostras.com.br\/noticias\/wp-json\/wp\/v2\/users\/1"}],"replies":[{"embeddable":true,"href":"https:\/\/www.encontrariodasostras.com.br\/noticias\/wp-json\/wp\/v2\/comments?post=525"}],"version-history":[{"count":1,"href":"https:\/\/www.encontrariodasostras.com.br\/noticias\/wp-json\/wp\/v2\/posts\/525\/revisions"}],"predecessor-version":[{"id":526,"href":"https:\/\/www.encontrariodasostras.com.br\/noticias\/wp-json\/wp\/v2\/posts\/525\/revisions\/526"}],"wp:attachment":[{"href":"https:\/\/www.encontrariodasostras.com.br\/noticias\/wp-json\/wp\/v2\/media?parent=525"}],"wp:term":[{"taxonomy":"category","embeddable":true,"href":"https:\/\/www.encontrariodasostras.com.br\/noticias\/wp-json\/wp\/v2\/categories?post=525"},{"taxonomy":"post_tag","embeddable":true,"href":"https:\/\/www.encontrariodasostras.com.br\/noticias\/wp-json\/wp\/v2\/tags?post=525"}],"curies":[{"name":"wp","href":"https:\/\/api.w.org\/{rel}","templated":true}]}}