{"id":521,"date":"2013-08-27T14:28:42","date_gmt":"2013-08-27T14:28:42","guid":{"rendered":"http:\/\/www.encontrariodasostras.com.br\/noticias\/?p=521"},"modified":"2013-08-27T14:28:42","modified_gmt":"2013-08-27T14:28:42","slug":"campanha-de-atualizacao-de-vacinas-segue-ate-dia-30-em-rio-das-ostras","status":"publish","type":"post","link":"https:\/\/www.encontrariodasostras.com.br\/noticias\/campanha-de-atualizacao-de-vacinas-segue-ate-dia-30-em-rio-das-ostras\/","title":{"rendered":"Campanha de atualiza\u00e7\u00e3o de vacinas segue at\u00e9 dia 30 em Rio das Ostras"},"content":{"rendered":"<p>O prefeito Sabino acompanhou no s\u00e1bado, dia 24, o Dia D que abriu a Campanha de Nacional de Atualiza\u00e7\u00e3o da Caderneta de Vacina\u00e7\u00e3o em Rio das Ostras. A imuniza\u00e7\u00e3o \u00e9 destinada a crian\u00e7as de at\u00e9 5 anos. Neste dia, os 12 postos do Munic\u00edpio ficaram abertos, de 8h \u00e0s 17h, oferecendo todas as vacinas do calend\u00e1rio b\u00e1sico.<\/p>\n<p>Alessandra Lima de Souza Zen\u00e1rio levou o pequeno Davi, de 4 meses, para tomar as vacina de combate ao rotav\u00edrus, a pentavalente e injet\u00e1vel contra a p\u00f3lio. Ela chegou pela manh\u00e3 no posto de sa\u00fade do \u00c2ncora. &#8221; D\u00e1 d\u00f3 ver meu beb\u00ea chorando ap\u00f3s tomar as inje\u00e7\u00f5es. Mas, sei que \u00e9 pro bem dele&#8221; comentou a m\u00e3e de primeira viagem.<\/p>\n<p>J\u00e1 Roseni de Oliveira, tamb\u00e9m moradora do \u00c2ncora, s\u00f3 despertou para a necessidade de atualiza\u00e7\u00e3o da caderneta da pequena Arylla, de 8 meses, gra\u00e7as \u00e0 campanha. O beb\u00ea estava com as vacinas em atraso. A m\u00e3e foi aconselhada a retornar ao posto para que Arylla recebe todas as imuniza\u00e7\u00f5es necess\u00e1rias.<\/p>\n<p>A enfermeira respons\u00e1vel pelo atendimento, na unidade do \u00c2ncora, Ver\u00f4nica Peres, destacou que s\u00f3 nas duas primeiras horas de funcionamento, mais de 120 crian\u00e7as foram imunizadas, o que demonstra que os pais est\u00e3o conscientes da import\u00e2ncia de livrar seus filhos de doen\u00e7as que podem ser prevenidas.<\/p>\n<p>A campanha continua at\u00e9 sexta-feira, dia 30, sempre das 8h \u00e0s 17h, nos postos de sa\u00fade. Os pais ou respons\u00e1veis n\u00e3o podem se esquecer de apresentar a caderneta das crian\u00e7as. As vacinas dispon\u00edveis s\u00e3o as do calend\u00e1rio regular: BCG, hepatite B, penta, inativa poliomielite (VIP), oral poliomielite (VOP), rotav\u00edrus, pneumoc\u00f3cica 10-valente, meningoc\u00f3cica C conjugada, febre amarela, tr\u00edplice viral (sarampo, rub\u00e9ola e caxumba) e DTP (difteria, t\u00e9tano e coqueluche).<\/p>\n<p><strong>META<\/strong> &#8211; A Secretaria Estadual de Sa\u00fade espera que at\u00e9 o pr\u00f3ximo dia 30 cerca de 1 milh\u00e3o de crian\u00e7as de 0 a 5 anos sejam levadas aos postos de sa\u00fade dos 92 munic\u00edpios do Rio de Janeiro para atualizar as cadernetas. O objetivo \u00e9 melhorar a cobertura vacinal do p\u00fablico infantil.<\/p>\n","protected":false},"excerpt":{"rendered":"<p>O prefeito Sabino acompanhou no s\u00e1bado, dia 24, o Dia D que abriu a Campanha de Nacional de Atualiza\u00e7\u00e3o da Caderneta de Vacina\u00e7\u00e3o em Rio das Ostras. A imuniza\u00e7\u00e3o \u00e9 destinada a crian\u00e7as de at\u00e9 5 anos. Neste dia, os 12 postos do Munic\u00edpio ficaram abertos, de 8h \u00e0s 17h, oferecendo todas as vacinas do [&hellip;]<\/p>\n","protected":false},"author":1,"featured_media":0,"comment_status":"open","ping_status":"open","sticky":false,"template":"","format":"standard","meta":{"footnotes":""},"categories":[6],"tags":[],"_links":{"self":[{"href":"https:\/\/www.encontrariodasostras.com.br\/noticias\/wp-json\/wp\/v2\/posts\/521"}],"collection":[{"href":"https:\/\/www.encontrariodasostras.com.br\/noticias\/wp-json\/wp\/v2\/posts"}],"about":[{"href":"https:\/\/www.encontrariodasostras.com.br\/noticias\/wp-json\/wp\/v2\/types\/post"}],"author":[{"embeddable":true,"href":"https:\/\/www.encontrariodasostras.com.br\/noticias\/wp-json\/wp\/v2\/users\/1"}],"replies":[{"embeddable":true,"href":"https:\/\/www.encontrariodasostras.com.br\/noticias\/wp-json\/wp\/v2\/comments?post=521"}],"version-history":[{"count":2,"href":"https:\/\/www.encontrariodasostras.com.br\/noticias\/wp-json\/wp\/v2\/posts\/521\/revisions"}],"predecessor-version":[{"id":523,"href":"https:\/\/www.encontrariodasostras.com.br\/noticias\/wp-json\/wp\/v2\/posts\/521\/revisions\/523"}],"wp:attachment":[{"href":"https:\/\/www.encontrariodasostras.com.br\/noticias\/wp-json\/wp\/v2\/media?parent=521"}],"wp:term":[{"taxonomy":"category","embeddable":true,"href":"https:\/\/www.encontrariodasostras.com.br\/noticias\/wp-json\/wp\/v2\/categories?post=521"},{"taxonomy":"post_tag","embeddable":true,"href":"https:\/\/www.encontrariodasostras.com.br\/noticias\/wp-json\/wp\/v2\/tags?post=521"}],"curies":[{"name":"wp","href":"https:\/\/api.w.org\/{rel}","templated":true}]}}